{"id":1124,"date":"2025-12-24T21:54:49","date_gmt":"2025-12-24T21:54:49","guid":{"rendered":"https:\/\/breadculture.net\/?p=1124"},"modified":"2026-01-30T08:54:36","modified_gmt":"2026-01-30T08:54:36","slug":"nema-rata-bez-hleba","status":"publish","type":"post","link":"https:\/\/breadculture.net\/sr\/nema-rata-bez-hleba\/","title":{"rendered":"Nema rata bez hleba"},"content":{"rendered":"\n<p>Kada se govori o hlebu i ka\u017ee \u201evojni\u010dki hleb\u201c, prva asocijacija je ne\u0161to posebno, specifi\u010dno, izuzetno. Mo\u017ee se slobodno rec\u0301i da je vojni\u010dki hleb zapravo brend, svi se nadaju da je to ne\u0161to posebno. Malo se mo\u017ee nac\u0301i u istoriografiji i literaturi o zna\u010daju hleba na ratu i domac\u0301em frontu. Istorija je dokazala da je svaki rat jedna od onih nesrec\u0301nih situacija gde se takav ontolo\u0161ki strah pretvara u stvarnost. Tako je bilo i u Velikom ratu. Ovde se isklju\u010divo radilo o svesnoj i organizovanoj politici uni\u0161tavanja neprijatelja kroz nedostatak hleba i hrane. Bio je to stra\u0161an rat, kakav svet do tada nije pamtio, neljudska patnja ogromnog broja ljudi i potpuno besmislene \u017ertve (ako ijedan rat uop\u0161te ima ikakvog smisla). Bila je to nadmoc\u0301 sile nad duhom, kao univerzalna vrednost! Jo\u0161 jednom se pokazalo da je lak\u0161e ru\u0161iti nego graditi materijalni i duhovni svet, i da je najte\u017ee sa\u010duvati ono \u0161to je izgra\u0111eno. https:\/\/www.youtube.com\/watch?v=Do9c8i\u2013d7s <\/p>\n\n\n\n<figure class=\"wp-block-embed is-type-video is-provider-youtube wp-block-embed-youtube wp-embed-aspect-16-9 wp-has-aspect-ratio\"><div class=\"wp-block-embed__wrapper\">\n<iframe loading=\"lazy\" title=\"HLEB U VELIKOM RATU - Izlo\u017eba\" width=\"500\" height=\"281\" src=\"https:\/\/www.youtube.com\/embed\/Do9c8i--d7s?feature=oembed\" frameborder=\"0\" allow=\"accelerometer; autoplay; clipboard-write; encrypted-media; gyroscope; picture-in-picture; web-share\" referrerpolicy=\"strict-origin-when-cross-origin\" allowfullscreen><\/iframe>\n<\/div><\/figure>\n\n\n\n<p><\/p>\n","protected":false},"excerpt":{"rendered":"<p>Kada se govori o hlebu i ka\u017ee \u201evojni\u010dki hleb\u201c, prva asocijacija je ne\u0161to posebno, specifi\u010dno, izuzetno.<\/p>\n","protected":false},"author":2,"featured_media":0,"comment_status":"open","ping_status":"closed","sticky":false,"template":"","format":"standard","meta":{"_acf_changed":false,"footnotes":""},"categories":[16],"post_tag":[],"class_list":["post-1124","post","type-post","status-publish","format-standard","hentry","category-mediji"],"acf":[],"_links":{"self":[{"href":"https:\/\/breadculture.net\/sr\/wp-json\/wp\/v2\/posts\/1124","targetHints":{"allow":["GET"]}}],"collection":[{"href":"https:\/\/breadculture.net\/sr\/wp-json\/wp\/v2\/posts"}],"about":[{"href":"https:\/\/breadculture.net\/sr\/wp-json\/wp\/v2\/types\/post"}],"author":[{"embeddable":true,"href":"https:\/\/breadculture.net\/sr\/wp-json\/wp\/v2\/users\/2"}],"replies":[{"embeddable":true,"href":"https:\/\/breadculture.net\/sr\/wp-json\/wp\/v2\/comments?post=1124"}],"version-history":[{"count":2,"href":"https:\/\/breadculture.net\/sr\/wp-json\/wp\/v2\/posts\/1124\/revisions"}],"predecessor-version":[{"id":1142,"href":"https:\/\/breadculture.net\/sr\/wp-json\/wp\/v2\/posts\/1124\/revisions\/1142"}],"wp:attachment":[{"href":"https:\/\/breadculture.net\/sr\/wp-json\/wp\/v2\/media?parent=1124"}],"wp:term":[{"taxonomy":"category","embeddable":true,"href":"https:\/\/breadculture.net\/sr\/wp-json\/wp\/v2\/categories?post=1124"},{"taxonomy":"post_tag","embeddable":true,"href":"https:\/\/breadculture.net\/sr\/wp-json\/wp\/v2\/post_tag?post=1124"}],"curies":[{"name":"wp","href":"https:\/\/api.w.org\/{rel}","templated":true}]}}